{"id":12521,"date":"2019-12-02T16:50:58","date_gmt":"2019-12-02T16:50:58","guid":{"rendered":"http:\/\/web.ittenbach.org\/?p=12521"},"modified":"2019-12-02T16:50:58","modified_gmt":"2019-12-02T16:50:58","slug":"lichterglanz-in-ittenbach","status":"publish","type":"post","link":"https:\/\/ittenbach.org\/?p=12521","title":{"rendered":"Lichterglanz in Ittenbach"},"content":{"rendered":"\n<p><\/p>\n\n\n\n<p>Mit dem Glockenschlag um 17 Uhr erstrahlte der Weihnachtsbaum vor der katholischen Kirche in Ittenbach in seiner vollen Pracht und brachte vorweihnachtlichen Glanz in das Dorf. Bereits zum sechsten Mal organisierte der B\u00fcrgerverein VVI e.V. Ittenbach in Zusammenarbeit mit den Ortsvereinen ein gemeinsames Ansingen am Abend des 1. Advents.  <\/p>\n\n\n\n<p>Uwe\nHupke, erster Vorsitzender des VVI, konnte zahlreiche G\u00e4ste und\nviele Kinder begr\u00fc\u00dfen. Er dankte Willi H\u00fclder f\u00fcr die f\u00fcr die\nBeschaffung des Baumes sowie Franz Leven, Martin Leven und Gert\nLehmann f\u00fcr die Unterst\u00fctzung bei der Aufstellung. Baumdienst\nReuter hatte einen Hubwagen zur Verf\u00fcgung gestellt, so dass der Baum\nbis in die Spitze mit Lichtern und Bastelarbeiten der\nKindertagesst\u00e4tten geschm\u00fcckt werden konnte. \n<\/p>\n\n\n\n<p>Die\nmusikalische Begleitung \u00fcbernahmen der M\u00e4nnergesangverein und das\nIttenbacher Bl\u00e4sercorps mit weihnachtlichen Liedern. F\u00fcr das\nleibliche Wohl sorgten der Ortsausschuss der Pfarrgemeinde mit\nGl\u00fchwein und Kinderpunsch und die Pfadfinder vom Stamm Idubag mit\nW\u00fcrstchen und Waffeln. Auch ein Kalender f\u00fcr das kommende Jahr mit\nAnsichten von Ittenbach von heute und fr\u00fcher konnte erworben werden.\nStrahlende Gesichter gab es bei vielen Kinder, als der B\u00fcrgerverein\nWeckm\u00e4nner mit Pfeife verteilte. \n<\/p>\n\n\n\n<div class=\"wp-block-image\"><figure class=\"aligncenter\"><img decoding=\"async\" loading=\"lazy\" width=\"225\" height=\"300\" src=\"http:\/\/web.ittenbach.org\/wp-content\/uploads\/2019\/12\/grafik-1-225x300.png\" alt=\"\" class=\"wp-image-12524\" srcset=\"https:\/\/ittenbach.org\/wp-content\/uploads\/2019\/12\/grafik-1-225x300.png 225w, https:\/\/ittenbach.org\/wp-content\/uploads\/2019\/12\/grafik-1-768x1024.png 768w\" sizes=\"(max-width: 225px) 100vw, 225px\" \/><\/figure><\/div>\n\n\n\n<p>Bei\nkalten und trockenen Wetter genoss die Dorfgemeinschaft ein paar\ngem\u00fctliche Stunden miteinander unter und neben einem gl\u00e4nzenden\nWeihnachtsbaum.<\/p>\n","protected":false},"excerpt":{"rendered":"<p>Mit dem Glockenschlag um 17 Uhr erstrahlte der Weihnachtsbaum vor der katholischen Kirche in Ittenbach in seiner vollen Pracht und brachte vorweihnachtlichen Glanz in das Dorf. Bereits zum sechsten Mal &hellip; <\/p>\n<p class=\"link-more\"><a href=\"https:\/\/ittenbach.org\/?p=12521\" class=\"more-link\"><span class=\"screen-reader-text\">\u201eLichterglanz in Ittenbach\u201c<\/span> weiterlesen<\/a><\/p>\n","protected":false},"author":2,"featured_media":0,"comment_status":"open","ping_status":"open","sticky":false,"template":"","format":"standard","meta":{"_bbp_topic_count":0,"_bbp_reply_count":0,"_bbp_total_topic_count":0,"_bbp_total_reply_count":0,"_bbp_voice_count":0,"_bbp_anonymous_reply_count":0,"_bbp_topic_count_hidden":0,"_bbp_reply_count_hidden":0,"_bbp_forum_subforum_count":0,"footnotes":""},"categories":[1],"tags":[],"_links":{"self":[{"href":"https:\/\/ittenbach.org\/index.php?rest_route=\/wp\/v2\/posts\/12521"}],"collection":[{"href":"https:\/\/ittenbach.org\/index.php?rest_route=\/wp\/v2\/posts"}],"about":[{"href":"https:\/\/ittenbach.org\/index.php?rest_route=\/wp\/v2\/types\/post"}],"author":[{"embeddable":true,"href":"https:\/\/ittenbach.org\/index.php?rest_route=\/wp\/v2\/users\/2"}],"replies":[{"embeddable":true,"href":"https:\/\/ittenbach.org\/index.php?rest_route=%2Fwp%2Fv2%2Fcomments&post=12521"}],"version-history":[{"count":1,"href":"https:\/\/ittenbach.org\/index.php?rest_route=\/wp\/v2\/posts\/12521\/revisions"}],"predecessor-version":[{"id":12525,"href":"https:\/\/ittenbach.org\/index.php?rest_route=\/wp\/v2\/posts\/12521\/revisions\/12525"}],"wp:attachment":[{"href":"https:\/\/ittenbach.org\/index.php?rest_route=%2Fwp%2Fv2%2Fmedia&parent=12521"}],"wp:term":[{"taxonomy":"category","embeddable":true,"href":"https:\/\/ittenbach.org\/index.php?rest_route=%2Fwp%2Fv2%2Fcategories&post=12521"},{"taxonomy":"post_tag","embeddable":true,"href":"https:\/\/ittenbach.org\/index.php?rest_route=%2Fwp%2Fv2%2Ftags&post=12521"}],"curies":[{"name":"wp","href":"https:\/\/api.w.org\/{rel}","templated":true}]}}