{"id":13172,"date":"2023-10-23T09:23:14","date_gmt":"2023-10-23T09:23:14","guid":{"rendered":"https:\/\/ittenbach.org\/?p=13172"},"modified":"2023-10-23T09:26:56","modified_gmt":"2023-10-23T09:26:56","slug":"neuer-vorstand-gewaehlt","status":"publish","type":"post","link":"https:\/\/ittenbach.org\/?p=13172","title":{"rendered":"Neuer Vorstand gew\u00e4hlt"},"content":{"rendered":"\n<p>Auf der Mitgliederversammlung des B\u00fcrgervereins Ittenbach standen auch die Wahlen des Vorstandes an. Bedingt durch den Tod des bisherigen Vorsitzenden Uwe Hupke musste eine neuer Vorsitzender gefunden werden. Ebenso galt es die Funktion des Kassenwartes neu zu besetzen. So gab es, nachdem zwei neue Mitglieder f\u00fcr den Vorstand gewonnen wurden, eine Neuverteilung der Posten.<br><br>Die Mitgliederversammlung w\u00e4hlte einstimmig als neuen Vorsitzenden Volker R\u00f6sener. Als stellvertretende Vorsitzende wurde Meike Dreesen-S\u00fc\u00dfenberger gew\u00e4hlt. Der Schriftf\u00fchrer Ernst Bleibaum f\u00fchrt seine Funktion weiterhin aus. Das Amt des Kassenwarts \u00fcbernahm Guido Brabender. Die vier Beisitzer Gert D. Rust, Heinz-Walter Frizen, Philip Stahl und Kristina Frizen unterst\u00fctzen den Vorstand bei den  anstehenden Aufgaben.  <br><br>Die n\u00e4chste Veranstaltung f\u00fcr den neuen Vorstand wird die Durchf\u00fchrung des Seniorenfestes im Haus Marienhof am 25. Oktober 2023 sein. Danach steht die Aufstellung des Weihnachtsbaumes vor der katholische Kirche mit dem traditionellen Ansingen am 1. Advent an. Dieses Mal wird uns zus\u00e4tzlich ein vom Elternrat der Villa Kunterbunt organisierter kleiner Weihnachtsmarkt erfreuen.<br><br>Die Planungen f\u00fcr die kommenden Jahre liegen wieder im sozialen und kulturellen Bereich sowie in der Gestaltung und Versch\u00f6nerung des Ortsbildes, z. B. Restauration der B\u00fcchertelefonzelle.  <\/p>\n\n\n\n<figure class=\"wp-block-image size-large\"><img decoding=\"async\" loading=\"lazy\" width=\"1024\" height=\"768\" src=\"https:\/\/ittenbach.org\/wp-content\/uploads\/2023\/10\/20231018_Vorstand-1024x768.jpg\" alt=\"\" class=\"wp-image-13173\" srcset=\"https:\/\/ittenbach.org\/wp-content\/uploads\/2023\/10\/20231018_Vorstand-1024x768.jpg 1024w, https:\/\/ittenbach.org\/wp-content\/uploads\/2023\/10\/20231018_Vorstand-300x225.jpg 300w, https:\/\/ittenbach.org\/wp-content\/uploads\/2023\/10\/20231018_Vorstand-768x576.jpg 768w, https:\/\/ittenbach.org\/wp-content\/uploads\/2023\/10\/20231018_Vorstand-1536x1152.jpg 1536w, https:\/\/ittenbach.org\/wp-content\/uploads\/2023\/10\/20231018_Vorstand-2048x1536.jpg 2048w\" sizes=\"(max-width: 767px) 89vw, (max-width: 1000px) 54vw, (max-width: 1071px) 543px, 580px\" \/><figcaption class=\"wp-element-caption\">Der neue Vorstand (v.l.  Philip Stahl, Gert D. Rust, Guido Brabender, Meike Dreesen-S\u00fc\u00dfenberger, Volker R\u00f6sener, Heinz-Walter Frizen, nicht im Bild: Kristina Frizen, Ernst Bleibaum)<\/figcaption><\/figure>\n","protected":false},"excerpt":{"rendered":"<p>Auf der Mitgliederversammlung des B\u00fcrgervereins Ittenbach standen auch die Wahlen des Vorstandes an. Bedingt durch den Tod des bisherigen Vorsitzenden Uwe Hupke musste eine neuer Vorsitzender gefunden werden. Ebenso galt &hellip; <\/p>\n<p class=\"link-more\"><a href=\"https:\/\/ittenbach.org\/?p=13172\" class=\"more-link\"><span class=\"screen-reader-text\">\u201eNeuer Vorstand gew\u00e4hlt\u201c<\/span> weiterlesen<\/a><\/p>\n","protected":false},"author":6,"featured_media":0,"comment_status":"open","ping_status":"open","sticky":false,"template":"","format":"standard","meta":{"_bbp_topic_count":0,"_bbp_reply_count":0,"_bbp_total_topic_count":0,"_bbp_total_reply_count":0,"_bbp_voice_count":0,"_bbp_anonymous_reply_count":0,"_bbp_topic_count_hidden":0,"_bbp_reply_count_hidden":0,"_bbp_forum_subforum_count":0,"footnotes":""},"categories":[1],"tags":[],"_links":{"self":[{"href":"https:\/\/ittenbach.org\/index.php?rest_route=\/wp\/v2\/posts\/13172"}],"collection":[{"href":"https:\/\/ittenbach.org\/index.php?rest_route=\/wp\/v2\/posts"}],"about":[{"href":"https:\/\/ittenbach.org\/index.php?rest_route=\/wp\/v2\/types\/post"}],"author":[{"embeddable":true,"href":"https:\/\/ittenbach.org\/index.php?rest_route=\/wp\/v2\/users\/6"}],"replies":[{"embeddable":true,"href":"https:\/\/ittenbach.org\/index.php?rest_route=%2Fwp%2Fv2%2Fcomments&post=13172"}],"version-history":[{"count":2,"href":"https:\/\/ittenbach.org\/index.php?rest_route=\/wp\/v2\/posts\/13172\/revisions"}],"predecessor-version":[{"id":13176,"href":"https:\/\/ittenbach.org\/index.php?rest_route=\/wp\/v2\/posts\/13172\/revisions\/13176"}],"wp:attachment":[{"href":"https:\/\/ittenbach.org\/index.php?rest_route=%2Fwp%2Fv2%2Fmedia&parent=13172"}],"wp:term":[{"taxonomy":"category","embeddable":true,"href":"https:\/\/ittenbach.org\/index.php?rest_route=%2Fwp%2Fv2%2Fcategories&post=13172"},{"taxonomy":"post_tag","embeddable":true,"href":"https:\/\/ittenbach.org\/index.php?rest_route=%2Fwp%2Fv2%2Ftags&post=13172"}],"curies":[{"name":"wp","href":"https:\/\/api.w.org\/{rel}","templated":true}]}}