{"id":13401,"date":"2025-04-07T08:49:29","date_gmt":"2025-04-07T08:49:29","guid":{"rendered":"https:\/\/ittenbach.org\/?p=13401"},"modified":"2025-04-07T08:54:35","modified_gmt":"2025-04-07T08:54:35","slug":"trauer-um-manfred-stuetzer","status":"publish","type":"post","link":"https:\/\/ittenbach.org\/?p=13401","title":{"rendered":"Trauer um Manfred St\u00fctzer"},"content":{"rendered":"\n<p><\/p>\n\n\n\n<p> Wir  trauern um unseren Freund und Ehrenvorsitzenden des B\u00fcrgervereins VVI e.V.<\/p>\n\n\n\n<div class=\"wp-block-group is-nowrap is-layout-flex wp-container-1 wp-block-group-is-layout-flex\"><div class=\"wp-block-image\">\n<figure class=\"aligncenter size-full is-resized\"><img decoding=\"async\" loading=\"lazy\" width=\"266\" height=\"442\" src=\"https:\/\/ittenbach.org\/wp-content\/uploads\/2025\/04\/20141130_012_S.jpg\" alt=\"\" class=\"wp-image-13405\" style=\"aspect-ratio:0.75;object-fit:cover;width:106px;height:auto\" srcset=\"https:\/\/ittenbach.org\/wp-content\/uploads\/2025\/04\/20141130_012_S.jpg 266w, https:\/\/ittenbach.org\/wp-content\/uploads\/2025\/04\/20141130_012_S-181x300.jpg 181w\" sizes=\"(max-width: 266px) 100vw, 266px\" \/><\/figure><\/div><\/div>\n\n\n\n<p><br><strong>Manfred St\u00fctzer<\/strong>, der am 28. M\u00e4rz 2025 im Alter von 85 Jahren verstorben ist.<\/p>\n\n\n\n<p>Manfred St\u00fctzer hat sich als langj\u00e4hriger Vorsitzender immer sehr engagiert f\u00fcr den B\u00fcrgerverein eingesetzt.<\/p>\n\n\n\n<p>Aufgrund seiner beruflichen T\u00e4tigkeit lagen ihm die baulichen Angelegenheiten sehr am Herzen; er hat sich im Besonderen f\u00fcr die Umsetzung des alten Brunnens aus M\u00fchlsteinen der ehemaligen D\u00f6ttscheider M\u00fchle in den fr\u00fcheren Fischteich eingesetzt und auch die Versetzung des in Schieflage geratenen Margarethenkreuzes auf der Margarethenh\u00f6he voran getrieben. <br>Er war der Initiator f\u00fcr die Aufstellung des Weihnachtsbaumes vor der katholischen Kirche und Organisator der Seniorenfeste sowie bei den Reinigungsarbeiten am Teich und am Brunnen auf dem Marktplatz. <br>Mit seinem Ausscheiden aus dem Vorstand im Jahre 2019 hat ihn der B\u00fcrgerverein zum Ehrenvorsitzenden ernannt.<br>F\u00fcr seine Hilfe und das im Rahmen der ehrenamtlichen T\u00e4tigkeit erbrachte Engagement danken wir Manfred St\u00fctzer und werden ihm ein ehrendes Andenken bewahren.<\/p>\n","protected":false},"excerpt":{"rendered":"<p>Wir trauern um unseren Freund und Ehrenvorsitzenden des B\u00fcrgervereins VVI e.V. Manfred St\u00fctzer, der am 28. M\u00e4rz 2025 im Alter von 85 Jahren verstorben ist. Manfred St\u00fctzer hat sich als &hellip; <\/p>\n<p class=\"link-more\"><a href=\"https:\/\/ittenbach.org\/?p=13401\" class=\"more-link\"><span class=\"screen-reader-text\">\u201eTrauer um Manfred St\u00fctzer\u201c<\/span> weiterlesen<\/a><\/p>\n","protected":false},"author":6,"featured_media":0,"comment_status":"open","ping_status":"open","sticky":false,"template":"","format":"standard","meta":{"_bbp_topic_count":0,"_bbp_reply_count":0,"_bbp_total_topic_count":0,"_bbp_total_reply_count":0,"_bbp_voice_count":0,"_bbp_anonymous_reply_count":0,"_bbp_topic_count_hidden":0,"_bbp_reply_count_hidden":0,"_bbp_forum_subforum_count":0,"footnotes":""},"categories":[1],"tags":[],"_links":{"self":[{"href":"https:\/\/ittenbach.org\/index.php?rest_route=\/wp\/v2\/posts\/13401"}],"collection":[{"href":"https:\/\/ittenbach.org\/index.php?rest_route=\/wp\/v2\/posts"}],"about":[{"href":"https:\/\/ittenbach.org\/index.php?rest_route=\/wp\/v2\/types\/post"}],"author":[{"embeddable":true,"href":"https:\/\/ittenbach.org\/index.php?rest_route=\/wp\/v2\/users\/6"}],"replies":[{"embeddable":true,"href":"https:\/\/ittenbach.org\/index.php?rest_route=%2Fwp%2Fv2%2Fcomments&post=13401"}],"version-history":[{"count":3,"href":"https:\/\/ittenbach.org\/index.php?rest_route=\/wp\/v2\/posts\/13401\/revisions"}],"predecessor-version":[{"id":13409,"href":"https:\/\/ittenbach.org\/index.php?rest_route=\/wp\/v2\/posts\/13401\/revisions\/13409"}],"wp:attachment":[{"href":"https:\/\/ittenbach.org\/index.php?rest_route=%2Fwp%2Fv2%2Fmedia&parent=13401"}],"wp:term":[{"taxonomy":"category","embeddable":true,"href":"https:\/\/ittenbach.org\/index.php?rest_route=%2Fwp%2Fv2%2Fcategories&post=13401"},{"taxonomy":"post_tag","embeddable":true,"href":"https:\/\/ittenbach.org\/index.php?rest_route=%2Fwp%2Fv2%2Ftags&post=13401"}],"curies":[{"name":"wp","href":"https:\/\/api.w.org\/{rel}","templated":true}]}}