{"id":13410,"date":"2025-04-07T10:19:56","date_gmt":"2025-04-07T10:19:56","guid":{"rendered":"https:\/\/ittenbach.org\/?p=13410"},"modified":"2025-04-07T10:47:52","modified_gmt":"2025-04-07T10:47:52","slug":"mitgliederversammlung-am-3-april-2025","status":"publish","type":"post","link":"https:\/\/ittenbach.org\/?p=13410","title":{"rendered":"Mitgliederversammlung am 3. April 2025"},"content":{"rendered":"\n<p>Der B\u00fcrgerverein VVI e.V. Ittenbach traf sich am 3. April 2025 in der Mensa der Grundschule Ittenbach zu seiner diesj\u00e4hrigen Mitgliederversammlung.<br>Zu Beginn der Veranstaltung begr\u00fc\u00dfte der Vorsitzende die Leiterin des Siebengebirgsmuseums K\u00f6nigswinter, Frau Dr. Sigrid Lange, die \u00fcber die Arbeit im und um das Museum berichtete. Wir konnten erfahren, dass neben den kunsthistorischen Aufgaben eine Menge von handwerklichen Leistungen anfallen, um den Betrieb des Museums aufrecht zu halten. So sind es vor allem Ehrenamtliche, die sich hilfreich in diesem Bereich und bei der Vorbereitung und Durchf\u00fchrung der Ausstellungen sowie sonstigen Veranstaltungen engagieren.<\/p>\n\n\n\n<p>Der Vorsitzende konnte danach auf ein erfolgreiches Berichtsjahr 2024 zur\u00fcckblicken, in dem das Jubil\u00e4umsfest zum 75j\u00e4hrigem Bestehen des B\u00fcrgervereins im September einen H\u00f6hepunkt bildete. Das Engagement des Vereins findet sich wieder in den regelm\u00e4\u00dfigen Reinigungsaktionen am Teich und am Brunnen, in der Durchf\u00fchrung des Seniorenfestes,  dem gemeinsamen Fr\u00fchjahrsputz mit den Erdm\u00e4nnchen aus der Kita Villa Kunterbunt sowie der Organisation des Ittenbacher Weihnachtsmarkts, der erneut gro\u00dfen Anklang fand.<\/p>\n\n\n\n<p>Mit einem neuen Vorstand startet der B\u00fcrgerverein die Aktivit\u00e4ten im Jahr 2025. Nach langj\u00e4hriger Arbeit im Vorstand traten <strong>Heinz-Walter Frizen<\/strong> und <strong>Gert Rust<\/strong> nicht mehr zur Wiederwahl an.  Der B\u00fcrgerverein dankt beiden Kollegen f\u00fcr die im Rahmen der ehrenamtlichen T\u00e4tigkeit geleisteten Unterst\u00fctzung und Hilfe.<br>Die Mitgliederversammlung w\u00e4hlte <strong>Volker R\u00f6sener<\/strong> erneut zum Vorsitzenden. Wiedergew\u00e4hlt wurden auch: als Stellvertretende Vorsitzende  <strong>Meike Dreesen-S\u00fc\u00dfenberger<\/strong>, als Schriftf\u00fchrer <strong>Ernst Bleibaum<\/strong>, als Kassenwart <strong>Guido Brabender<\/strong> und als Beisitzer <strong>Philip Stahl<\/strong>. Als neue Beisitzer wurden <strong>Benno Nagel<\/strong> und <strong>Angelika Harmat<\/strong> in den Vorstand gew\u00e4hlt. <br>Als Kassenpr\u00fcfer wurden <strong>Ulrich Leuschner<\/strong> (wie bisher) und  <strong>Ute Westerhoff<\/strong> (neu) gew\u00e4hlt.<\/p>\n\n\n\n<p>Die Versammlung beschloss au\u00dferdem eine Satzungs\u00e4nderung, in dem die Einladungen zu den Mitgliedersammlungen auch in elektronische Form (E-Mail) versandt werden k\u00f6nnen.<\/p>\n\n\n\n<p>Die Planungen f\u00fcr die kommenden Jahre liegen erneut im sozialen und kulturellen Bereich sowie in der Gestaltung und Versch\u00f6nerung des Ortsbildes.<\/p>\n\n\n\n<figure class=\"wp-block-image size-large\"><img decoding=\"async\" loading=\"lazy\" width=\"1024\" height=\"768\" src=\"https:\/\/ittenbach.org\/wp-content\/uploads\/2025\/04\/20250403_Vorstand_1-1024x768.jpg\" alt=\"\" class=\"wp-image-13411\" srcset=\"https:\/\/ittenbach.org\/wp-content\/uploads\/2025\/04\/20250403_Vorstand_1-1024x768.jpg 1024w, https:\/\/ittenbach.org\/wp-content\/uploads\/2025\/04\/20250403_Vorstand_1-300x225.jpg 300w, https:\/\/ittenbach.org\/wp-content\/uploads\/2025\/04\/20250403_Vorstand_1-768x576.jpg 768w, https:\/\/ittenbach.org\/wp-content\/uploads\/2025\/04\/20250403_Vorstand_1-1536x1152.jpg 1536w, https:\/\/ittenbach.org\/wp-content\/uploads\/2025\/04\/20250403_Vorstand_1-2048x1536.jpg 2048w\" sizes=\"(max-width: 767px) 89vw, (max-width: 1000px) 54vw, (max-width: 1071px) 543px, 580px\" \/><\/figure>\n\n\n\n<p class=\"has-small-font-size\"><em>Der neue Vorstand (v. l.) Ernst Bleibaum, Volker R\u00f6sener, Angelika Harmat, Philip Stahl, Guido Brabender, Meike Dreesen-S\u00fc\u00dfenberger, nicht im Bild: Benno Nagel)<\/em><\/p>\n","protected":false},"excerpt":{"rendered":"<p>Der B\u00fcrgerverein VVI e.V. Ittenbach traf sich am 3. April 2025 in der Mensa der Grundschule Ittenbach zu seiner diesj\u00e4hrigen Mitgliederversammlung.Zu Beginn der Veranstaltung begr\u00fc\u00dfte der Vorsitzende die Leiterin des &hellip; <\/p>\n<p class=\"link-more\"><a href=\"https:\/\/ittenbach.org\/?p=13410\" class=\"more-link\"><span class=\"screen-reader-text\">\u201eMitgliederversammlung am 3. April 2025\u201c<\/span> weiterlesen<\/a><\/p>\n","protected":false},"author":6,"featured_media":0,"comment_status":"open","ping_status":"open","sticky":false,"template":"","format":"standard","meta":{"_bbp_topic_count":0,"_bbp_reply_count":0,"_bbp_total_topic_count":0,"_bbp_total_reply_count":0,"_bbp_voice_count":0,"_bbp_anonymous_reply_count":0,"_bbp_topic_count_hidden":0,"_bbp_reply_count_hidden":0,"_bbp_forum_subforum_count":0,"footnotes":""},"categories":[1],"tags":[],"_links":{"self":[{"href":"https:\/\/ittenbach.org\/index.php?rest_route=\/wp\/v2\/posts\/13410"}],"collection":[{"href":"https:\/\/ittenbach.org\/index.php?rest_route=\/wp\/v2\/posts"}],"about":[{"href":"https:\/\/ittenbach.org\/index.php?rest_route=\/wp\/v2\/types\/post"}],"author":[{"embeddable":true,"href":"https:\/\/ittenbach.org\/index.php?rest_route=\/wp\/v2\/users\/6"}],"replies":[{"embeddable":true,"href":"https:\/\/ittenbach.org\/index.php?rest_route=%2Fwp%2Fv2%2Fcomments&post=13410"}],"version-history":[{"count":2,"href":"https:\/\/ittenbach.org\/index.php?rest_route=\/wp\/v2\/posts\/13410\/revisions"}],"predecessor-version":[{"id":13413,"href":"https:\/\/ittenbach.org\/index.php?rest_route=\/wp\/v2\/posts\/13410\/revisions\/13413"}],"wp:attachment":[{"href":"https:\/\/ittenbach.org\/index.php?rest_route=%2Fwp%2Fv2%2Fmedia&parent=13410"}],"wp:term":[{"taxonomy":"category","embeddable":true,"href":"https:\/\/ittenbach.org\/index.php?rest_route=%2Fwp%2Fv2%2Fcategories&post=13410"},{"taxonomy":"post_tag","embeddable":true,"href":"https:\/\/ittenbach.org\/index.php?rest_route=%2Fwp%2Fv2%2Ftags&post=13410"}],"curies":[{"name":"wp","href":"https:\/\/api.w.org\/{rel}","templated":true}]}}