{"id":13486,"date":"2025-11-21T11:43:06","date_gmt":"2025-11-21T11:43:06","guid":{"rendered":"https:\/\/ittenbach.org\/?p=13486"},"modified":"2025-11-21T11:43:06","modified_gmt":"2025-11-21T11:43:06","slug":"gedenkfeier-volkstrauertag","status":"publish","type":"post","link":"https:\/\/ittenbach.org\/?p=13486","title":{"rendered":"Gedenkfeier Volkstrauertag"},"content":{"rendered":"\n<p>Der B\u00fcrgerverein VVI e.V. hatte am Volkstrauertag zu einer Gedenkveranstaltung am Ittenbacher Ehrenmal eingeladen, an dem an die  Opfer von Krieg, Gewalt und Terror erinnert wird.  Nach Aufl\u00f6sung des MGV Ittenbach \u00fcbernahm der B\u00fcrgerverein die Organisation und der Vorsitzende Volker R\u00f6sener konnte viel G\u00e4ste und Mitglieder aus den Ittenbacher Vereinen begr\u00fc\u00dfen. <\/p>\n\n\n\n<p>Wie in den Vorjahren erfolgte die Kranzniederlegung durch die Ittenbacher Ratsmitglieder und die Freiwillige Feuerwehr stellte wieder die Ehrenwache. Das Ittenbacher Bl\u00e4sercorps unter Leitung seines Vorsitzenden Johannes-Martin Hoffmann umrahmte die Veranstaltung musikalisch.<\/p>\n\n\n\n<p>Mit dieser Feier in Ittenbach verband sich die zentrale Gedenkveranstaltung der Stadt K\u00f6nigswinter am Volkstrauertag, zu der der Vorsitzende die neu gew\u00e4hlte B\u00fcrgermeisterin der Stadt K\u00f6nigswinter, Heike J\u00fcngling, begr\u00fc\u00dfte. In ihrer Ansprache sprach sie davon, dass Erinnern kein belastender Blick zur\u00fcck ist, sondern ein wichtiger Beitrag f\u00fcr die Zukunft. Sie mahnte weiter, Frieden, Freiheit und Demokratie stets zu sch\u00fctzen. Diese Werte sind nicht selbstverst\u00e4ndlich und m\u00fcssen von jeder Generation neu verteidigt werden. <br>Sie dankte den Ittenbacher Vereinen und Ehrenamtlichen von Herzen f\u00fcr ihr Engagement.<\/p>\n\n\n\n<p>Im Namen der katholischen Pfarrgemeinde trug Carina Henseler-Leven ein Gebet der ev. Pfarrerin Sylvia Bukowski vom November 2015 vor.<\/p>\n\n\n\n<p>Nach dem Vaterunser und Segensgebet endete das diesj\u00e4hrige Gedenken und mit dem Dank von Volker R\u00f6sener an alle, die  teilgenommen hatten.<\/p>\n\n\n\n<figure class=\"wp-block-gallery has-nested-images columns-default is-cropped wp-block-gallery-1 is-layout-flex wp-block-gallery-is-layout-flex\">\n<figure class=\"wp-block-image size-large\"><img decoding=\"async\" loading=\"lazy\" width=\"1024\" height=\"683\" data-id=\"13490\" src=\"https:\/\/ittenbach.org\/wp-content\/uploads\/2025\/11\/P1070432-1-1024x683.jpg\" alt=\"\" class=\"wp-image-13490\" srcset=\"https:\/\/ittenbach.org\/wp-content\/uploads\/2025\/11\/P1070432-1-1024x683.jpg 1024w, https:\/\/ittenbach.org\/wp-content\/uploads\/2025\/11\/P1070432-1-300x200.jpg 300w, https:\/\/ittenbach.org\/wp-content\/uploads\/2025\/11\/P1070432-1-768x512.jpg 768w, https:\/\/ittenbach.org\/wp-content\/uploads\/2025\/11\/P1070432-1-1536x1024.jpg 1536w, https:\/\/ittenbach.org\/wp-content\/uploads\/2025\/11\/P1070432-1-2048x1365.jpg 2048w\" sizes=\"(max-width: 767px) 89vw, (max-width: 1000px) 54vw, (max-width: 1071px) 543px, 580px\" \/><\/figure>\n\n\n\n<figure class=\"wp-block-image size-large\"><img decoding=\"async\" loading=\"lazy\" width=\"1024\" height=\"683\" data-id=\"13489\" src=\"https:\/\/ittenbach.org\/wp-content\/uploads\/2025\/11\/P1070434-1024x683.jpg\" alt=\"\" class=\"wp-image-13489\" srcset=\"https:\/\/ittenbach.org\/wp-content\/uploads\/2025\/11\/P1070434-1024x683.jpg 1024w, https:\/\/ittenbach.org\/wp-content\/uploads\/2025\/11\/P1070434-300x200.jpg 300w, https:\/\/ittenbach.org\/wp-content\/uploads\/2025\/11\/P1070434-768x512.jpg 768w, https:\/\/ittenbach.org\/wp-content\/uploads\/2025\/11\/P1070434-1536x1024.jpg 1536w, https:\/\/ittenbach.org\/wp-content\/uploads\/2025\/11\/P1070434-2048x1365.jpg 2048w\" sizes=\"(max-width: 767px) 89vw, (max-width: 1000px) 54vw, (max-width: 1071px) 543px, 580px\" \/><\/figure>\n\n\n\n<figure class=\"wp-block-image size-large\"><img decoding=\"async\" data-id=\"13488\" src=\"https:\/\/ittenbach.org\/wp-content\/uploads\/2025\/11\/IMG_5499.heic\" alt=\"\" class=\"wp-image-13488\"\/><\/figure>\n<\/figure>\n","protected":false},"excerpt":{"rendered":"<p>Der B\u00fcrgerverein VVI e.V. hatte am Volkstrauertag zu einer Gedenkveranstaltung am Ittenbacher Ehrenmal eingeladen, an dem an die Opfer von Krieg, Gewalt und Terror erinnert wird. Nach Aufl\u00f6sung des MGV &hellip; <\/p>\n<p class=\"link-more\"><a href=\"https:\/\/ittenbach.org\/?p=13486\" class=\"more-link\"><span class=\"screen-reader-text\">\u201eGedenkfeier Volkstrauertag\u201c<\/span> weiterlesen<\/a><\/p>\n","protected":false},"author":6,"featured_media":0,"comment_status":"open","ping_status":"open","sticky":false,"template":"","format":"standard","meta":{"_bbp_topic_count":0,"_bbp_reply_count":0,"_bbp_total_topic_count":0,"_bbp_total_reply_count":0,"_bbp_voice_count":0,"_bbp_anonymous_reply_count":0,"_bbp_topic_count_hidden":0,"_bbp_reply_count_hidden":0,"_bbp_forum_subforum_count":0,"footnotes":""},"categories":[1],"tags":[],"_links":{"self":[{"href":"https:\/\/ittenbach.org\/index.php?rest_route=\/wp\/v2\/posts\/13486"}],"collection":[{"href":"https:\/\/ittenbach.org\/index.php?rest_route=\/wp\/v2\/posts"}],"about":[{"href":"https:\/\/ittenbach.org\/index.php?rest_route=\/wp\/v2\/types\/post"}],"author":[{"embeddable":true,"href":"https:\/\/ittenbach.org\/index.php?rest_route=\/wp\/v2\/users\/6"}],"replies":[{"embeddable":true,"href":"https:\/\/ittenbach.org\/index.php?rest_route=%2Fwp%2Fv2%2Fcomments&post=13486"}],"version-history":[{"count":1,"href":"https:\/\/ittenbach.org\/index.php?rest_route=\/wp\/v2\/posts\/13486\/revisions"}],"predecessor-version":[{"id":13492,"href":"https:\/\/ittenbach.org\/index.php?rest_route=\/wp\/v2\/posts\/13486\/revisions\/13492"}],"wp:attachment":[{"href":"https:\/\/ittenbach.org\/index.php?rest_route=%2Fwp%2Fv2%2Fmedia&parent=13486"}],"wp:term":[{"taxonomy":"category","embeddable":true,"href":"https:\/\/ittenbach.org\/index.php?rest_route=%2Fwp%2Fv2%2Fcategories&post=13486"},{"taxonomy":"post_tag","embeddable":true,"href":"https:\/\/ittenbach.org\/index.php?rest_route=%2Fwp%2Fv2%2Ftags&post=13486"}],"curies":[{"name":"wp","href":"https:\/\/api.w.org\/{rel}","templated":true}]}}