{"id":13511,"date":"2025-12-03T16:18:51","date_gmt":"2025-12-03T16:18:51","guid":{"rendered":"https:\/\/ittenbach.org\/?p=13511"},"modified":"2025-12-03T16:18:51","modified_gmt":"2025-12-03T16:18:51","slug":"dritter-ittenbacher-weihnachtsmarkt","status":"publish","type":"post","link":"https:\/\/ittenbach.org\/?p=13511","title":{"rendered":"Dritter Ittenbacher Weihnachtsmarkt"},"content":{"rendered":"\n<p>   <\/p>\n\n\n\n<p>Seit dem vergangenen Sonntag leuchtet er wieder &#8211; der Weihnachtsbaum vor der kath. Kirche in Ittenbach. Grund genug, dieses Ereignis, mit dem 3. Weihnachtsmarkt und dem Ansingen des Weihnachtsbaumes geb\u00fchrend zu feiern.<br>Der B\u00fcrgerverein VVI e.V. Ittenbach hatte hierzu am 1. Advent wieder eingeladen. Der von <strong>Karl-Josef Leven<\/strong> gespendete Baum wurde in einer gemeinschaftlichen Aktion von dem bew\u00e4hrten Team um <strong>Franz-Josef Leven<\/strong> schon am Donnerstag an seinem angestammten Platz aufgestellt, mit einer Lichterkette versehen und von den Kindern der Kitas St. Lukas und Villa Kunterbunt geschm\u00fcckt.<\/p>\n\n\n\n<p>Nach einem \u00f6kumenischen Gottesdienst in der Pfarrkirche Zur Schmerzhaften Mutter begann die Einstimmung auf den Advent und den vorweihnachtlichen Nachmittag. Es \u00f6ffneten die St\u00e4nde, in denen zahlreiche Vereine, Ehrenamtliche und K\u00fcnstler ihr Handgemachtes, Kunstwerke und weihnachtliche Dekorationen anboten.<\/p>\n\n\n\n<p>Ein Karussell erfreute derweil die kleinen Besucher. Der Nikolaus machte seine Aufwartung und schenkte den Kindern neben ein paar Geschenken dank dem F\u00f6rderverein B\u00fcrgerhaus Ittenbach e.V. eine Kutschfahrt durch Ittenbach.<\/p>\n\n\n\n<p>Neben dem Angebot einer Kirchenf\u00fchrung unterhielt der evangelische Gemeindechor die Besucher mit adventlichem Gesang zum Mitsingen. Und mit Einbruch der D\u00e4mmerung wurde die Beleuchtung des Weihnachtsbaumes eingeschaltet. Alle Besucher stimmten gemeinsam ein und begr\u00fc\u00dften den besonderen Baum musikalisch mit Unterst\u00fctzung des Ittenbacher Bl\u00e4sercorps.\u00a0<\/p>\n\n\n\n<p>F\u00fcr das leibliche Wohl war mit Gl\u00fchwein und Kaffee bestens gesorgt. Auch so manche Leckerei verw\u00f6hnte die zahlreichen G\u00e4ste, die den Weg zu diesem Event in der Vorweihnachtszeit gefunden hatten. Der B\u00fcrgerverein VVI e.V. Ittenbach freute sich an diesem Tag dar\u00fcber, dass so viele kleine und gro\u00dfe Besucherinnen und Besucher zu diesem Start in die Adventszeit gekommen waren.<\/p>\n\n\n\n<p>In diesen vergn\u00fcglichen Stunden kam es vor allem zu fr\u00f6hlichen Begegnungen, Kennenlernen und Gespr\u00e4chen, die Besucher konnten sich treiben zu lassen und am Abend an der Feuerschale in besinnlicher Runde dem Weihnachtsfest entgegensehen.<\/p>\n\n\n\n<figure class=\"wp-block-gallery has-nested-images columns-default is-cropped wp-block-gallery-1 is-layout-flex wp-block-gallery-is-layout-flex\">\n<figure class=\"wp-block-image size-large\"><img decoding=\"async\" loading=\"lazy\" width=\"768\" height=\"1024\" data-id=\"13509\" src=\"https:\/\/ittenbach.org\/wp-content\/uploads\/2025\/12\/20251130_Baum02-768x1024.jpg\" alt=\"\" class=\"wp-image-13509\" srcset=\"https:\/\/ittenbach.org\/wp-content\/uploads\/2025\/12\/20251130_Baum02-768x1024.jpg 768w, https:\/\/ittenbach.org\/wp-content\/uploads\/2025\/12\/20251130_Baum02-225x300.jpg 225w, https:\/\/ittenbach.org\/wp-content\/uploads\/2025\/12\/20251130_Baum02-1152x1536.jpg 1152w, https:\/\/ittenbach.org\/wp-content\/uploads\/2025\/12\/20251130_Baum02.jpg 1500w\" sizes=\"(max-width: 767px) 89vw, (max-width: 1000px) 54vw, (max-width: 1071px) 543px, 580px\" \/><\/figure>\n\n\n\n<figure class=\"wp-block-image size-large\"><img decoding=\"async\" loading=\"lazy\" width=\"768\" height=\"1024\" data-id=\"13508\" src=\"https:\/\/ittenbach.org\/wp-content\/uploads\/2025\/12\/20251130_Baum01-768x1024.jpg\" alt=\"\" class=\"wp-image-13508\" srcset=\"https:\/\/ittenbach.org\/wp-content\/uploads\/2025\/12\/20251130_Baum01-768x1024.jpg 768w, https:\/\/ittenbach.org\/wp-content\/uploads\/2025\/12\/20251130_Baum01-225x300.jpg 225w, https:\/\/ittenbach.org\/wp-content\/uploads\/2025\/12\/20251130_Baum01-1152x1536.jpg 1152w, https:\/\/ittenbach.org\/wp-content\/uploads\/2025\/12\/20251130_Baum01.jpg 1500w\" sizes=\"(max-width: 767px) 89vw, (max-width: 1000px) 54vw, (max-width: 1071px) 543px, 580px\" \/><\/figure>\n\n\n\n<figure class=\"wp-block-image size-large\"><img decoding=\"async\" loading=\"lazy\" width=\"768\" height=\"1024\" data-id=\"13510\" src=\"https:\/\/ittenbach.org\/wp-content\/uploads\/2025\/12\/20251130_Baum03-768x1024.jpg\" alt=\"\" class=\"wp-image-13510\" srcset=\"https:\/\/ittenbach.org\/wp-content\/uploads\/2025\/12\/20251130_Baum03-768x1024.jpg 768w, https:\/\/ittenbach.org\/wp-content\/uploads\/2025\/12\/20251130_Baum03-225x300.jpg 225w, https:\/\/ittenbach.org\/wp-content\/uploads\/2025\/12\/20251130_Baum03-1152x1536.jpg 1152w, https:\/\/ittenbach.org\/wp-content\/uploads\/2025\/12\/20251130_Baum03.jpg 1500w\" sizes=\"(max-width: 767px) 89vw, (max-width: 1000px) 54vw, (max-width: 1071px) 543px, 580px\" \/><\/figure>\n<\/figure>\n","protected":false},"excerpt":{"rendered":"<p>Seit dem vergangenen Sonntag leuchtet er wieder &#8211; der Weihnachtsbaum vor der kath. Kirche in Ittenbach. Grund genug, dieses Ereignis, mit dem 3. Weihnachtsmarkt und dem Ansingen des Weihnachtsbaumes geb\u00fchrend &hellip; <\/p>\n<p class=\"link-more\"><a href=\"https:\/\/ittenbach.org\/?p=13511\" class=\"more-link\"><span class=\"screen-reader-text\">\u201eDritter Ittenbacher Weihnachtsmarkt\u201c<\/span> weiterlesen<\/a><\/p>\n","protected":false},"author":6,"featured_media":0,"comment_status":"open","ping_status":"open","sticky":false,"template":"","format":"standard","meta":{"_bbp_topic_count":0,"_bbp_reply_count":0,"_bbp_total_topic_count":0,"_bbp_total_reply_count":0,"_bbp_voice_count":0,"_bbp_anonymous_reply_count":0,"_bbp_topic_count_hidden":0,"_bbp_reply_count_hidden":0,"_bbp_forum_subforum_count":0,"footnotes":""},"categories":[1],"tags":[],"_links":{"self":[{"href":"https:\/\/ittenbach.org\/index.php?rest_route=\/wp\/v2\/posts\/13511"}],"collection":[{"href":"https:\/\/ittenbach.org\/index.php?rest_route=\/wp\/v2\/posts"}],"about":[{"href":"https:\/\/ittenbach.org\/index.php?rest_route=\/wp\/v2\/types\/post"}],"author":[{"embeddable":true,"href":"https:\/\/ittenbach.org\/index.php?rest_route=\/wp\/v2\/users\/6"}],"replies":[{"embeddable":true,"href":"https:\/\/ittenbach.org\/index.php?rest_route=%2Fwp%2Fv2%2Fcomments&post=13511"}],"version-history":[{"count":1,"href":"https:\/\/ittenbach.org\/index.php?rest_route=\/wp\/v2\/posts\/13511\/revisions"}],"predecessor-version":[{"id":13512,"href":"https:\/\/ittenbach.org\/index.php?rest_route=\/wp\/v2\/posts\/13511\/revisions\/13512"}],"wp:attachment":[{"href":"https:\/\/ittenbach.org\/index.php?rest_route=%2Fwp%2Fv2%2Fmedia&parent=13511"}],"wp:term":[{"taxonomy":"category","embeddable":true,"href":"https:\/\/ittenbach.org\/index.php?rest_route=%2Fwp%2Fv2%2Fcategories&post=13511"},{"taxonomy":"post_tag","embeddable":true,"href":"https:\/\/ittenbach.org\/index.php?rest_route=%2Fwp%2Fv2%2Ftags&post=13511"}],"curies":[{"name":"wp","href":"https:\/\/api.w.org\/{rel}","templated":true}]}}